{"id":3506,"date":"2025-08-09T14:05:31","date_gmt":"2025-08-09T13:05:31","guid":{"rendered":"https:\/\/www.aeroklubluhacovice.cz\/?p=3506"},"modified":"2025-08-09T14:05:34","modified_gmt":"2025-08-09T13:05:34","slug":"bohuslav-belik-1932-2025-ja-jsem-chtel-letat-a-ne-delat-kraviny","status":"publish","type":"post","link":"https:\/\/www.aeroklubluhacovice.cz\/index.php\/2025\/08\/09\/bohuslav-belik-1932-2025-ja-jsem-chtel-letat-a-ne-delat-kraviny\/","title":{"rendered":"Bohuslav B\u011bl\u00edk (*1932, +2025) \u201eJ\u00e1 jsem cht\u011bl l\u00e9tat, a ne d\u011blat kraviny\u201c"},"content":{"rendered":"\n<p>V \u010dervenci svoji dlouhou a taky i n\u011bkdej\u0161\u00ed\u00a0 leteckou pou\u0165 ukon\u010dil\u00a0 jeden z prvn\u00edch aeroklub\u00e1k\u016f je\u0161t\u011b v\u00a0 otrokovick\u00e9m aeroklubu pan Bohuslav B\u011bl\u00edk. P\u0159ev\u00e1\u017en\u00e1 v\u011bt\u0161ina sou\u010dasn\u00fdch \u010dlen\u016f na\u0161eho aeroklubu kapit\u00e1na B\u011bl\u00edka ji\u017e nepoznala, ale i pro n\u011b je tato informace\u00a0 o dobr\u00e9m pilotovi a leteck\u00e9m kantorovi taky ur\u010dena. <\/p>\n\n\n\n<figure class=\"wp-block-gallery has-nested-images columns-default is-cropped wp-block-gallery-1 is-layout-flex wp-block-gallery-is-layout-flex\">\n<figure class=\"wp-block-image size-large\"><img data-recalc-dims=\"1\" fetchpriority=\"high\" decoding=\"async\" width=\"584\" height=\"799\" data-attachment-id=\"3512\" data-permalink=\"https:\/\/www.aeroklubluhacovice.cz\/index.php\/2025\/08\/09\/bohuslav-belik-1932-2025-ja-jsem-chtel-letat-a-ne-delat-kraviny\/img_3879\/\" data-orig-file=\"https:\/\/i0.wp.com\/www.aeroklubluhacovice.cz\/wp-content\/uploads\/2025\/08\/IMG_3879-scaled.jpg?fit=1871%2C2560&amp;ssl=1\" data-orig-size=\"1871,2560\" data-comments-opened=\"1\" data-image-meta=\"{&quot;aperture&quot;:&quot;1.8&quot;,&quot;credit&quot;:&quot;&quot;,&quot;camera&quot;:&quot;iPhone 13 Pro Max&quot;,&quot;caption&quot;:&quot;&quot;,&quot;created_timestamp&quot;:&quot;1738579411&quot;,&quot;copyright&quot;:&quot;&quot;,&quot;focal_length&quot;:&quot;1.57&quot;,&quot;iso&quot;:&quot;160&quot;,&quot;shutter_speed&quot;:&quot;0.010101010101&quot;,&quot;title&quot;:&quot;&quot;,&quot;orientation&quot;:&quot;1&quot;}\" data-image-title=\"IMG_3879\" data-image-description=\"\" data-image-caption=\"\" data-large-file=\"https:\/\/i0.wp.com\/www.aeroklubluhacovice.cz\/wp-content\/uploads\/2025\/08\/IMG_3879-scaled.jpg?fit=584%2C799&amp;ssl=1\" data-id=\"3512\" src=\"https:\/\/i0.wp.com\/www.aeroklubluhacovice.cz\/wp-content\/uploads\/2025\/08\/IMG_3879-748x1024.jpg?resize=584%2C799&#038;ssl=1\" alt=\"\" class=\"wp-image-3512\" srcset=\"https:\/\/i0.wp.com\/www.aeroklubluhacovice.cz\/wp-content\/uploads\/2025\/08\/IMG_3879-scaled.jpg?resize=748%2C1024&amp;ssl=1 748w, https:\/\/i0.wp.com\/www.aeroklubluhacovice.cz\/wp-content\/uploads\/2025\/08\/IMG_3879-scaled.jpg?resize=219%2C300&amp;ssl=1 219w, https:\/\/i0.wp.com\/www.aeroklubluhacovice.cz\/wp-content\/uploads\/2025\/08\/IMG_3879-scaled.jpg?resize=768%2C1051&amp;ssl=1 768w, https:\/\/i0.wp.com\/www.aeroklubluhacovice.cz\/wp-content\/uploads\/2025\/08\/IMG_3879-scaled.jpg?resize=1122%2C1536&amp;ssl=1 1122w, https:\/\/i0.wp.com\/www.aeroklubluhacovice.cz\/wp-content\/uploads\/2025\/08\/IMG_3879-scaled.jpg?resize=1496%2C2048&amp;ssl=1 1496w, https:\/\/i0.wp.com\/www.aeroklubluhacovice.cz\/wp-content\/uploads\/2025\/08\/IMG_3879-scaled.jpg?w=1871&amp;ssl=1 1871w, https:\/\/i0.wp.com\/www.aeroklubluhacovice.cz\/wp-content\/uploads\/2025\/08\/IMG_3879-scaled.jpg?w=1752 1752w\" sizes=\"(max-width: 584px) 100vw, 584px\" \/><\/figure>\n\n\n\n<figure class=\"wp-block-image size-large\"><img data-recalc-dims=\"1\" decoding=\"async\" width=\"584\" height=\"398\" data-attachment-id=\"3511\" data-permalink=\"https:\/\/www.aeroklubluhacovice.cz\/index.php\/2025\/08\/09\/bohuslav-belik-1932-2025-ja-jsem-chtel-letat-a-ne-delat-kraviny\/img_3922_0\/\" data-orig-file=\"https:\/\/i0.wp.com\/www.aeroklubluhacovice.cz\/wp-content\/uploads\/2025\/08\/IMG_3922_0.jpg?fit=2029%2C1381&amp;ssl=1\" data-orig-size=\"2029,1381\" data-comments-opened=\"1\" data-image-meta=\"{&quot;aperture&quot;:&quot;0&quot;,&quot;credit&quot;:&quot;&quot;,&quot;camera&quot;:&quot;&quot;,&quot;caption&quot;:&quot;&quot;,&quot;created_timestamp&quot;:&quot;0&quot;,&quot;copyright&quot;:&quot;&quot;,&quot;focal_length&quot;:&quot;0&quot;,&quot;iso&quot;:&quot;0&quot;,&quot;shutter_speed&quot;:&quot;0&quot;,&quot;title&quot;:&quot;&quot;,&quot;orientation&quot;:&quot;1&quot;}\" data-image-title=\"IMG_3922_0\" data-image-description=\"\" data-image-caption=\"\" data-large-file=\"https:\/\/i0.wp.com\/www.aeroklubluhacovice.cz\/wp-content\/uploads\/2025\/08\/IMG_3922_0.jpg?fit=584%2C398&amp;ssl=1\" data-id=\"3511\" src=\"https:\/\/i0.wp.com\/www.aeroklubluhacovice.cz\/wp-content\/uploads\/2025\/08\/IMG_3922_0-1024x697.jpg?resize=584%2C398&#038;ssl=1\" alt=\"\" class=\"wp-image-3511\" srcset=\"https:\/\/i0.wp.com\/www.aeroklubluhacovice.cz\/wp-content\/uploads\/2025\/08\/IMG_3922_0.jpg?resize=1024%2C697&amp;ssl=1 1024w, https:\/\/i0.wp.com\/www.aeroklubluhacovice.cz\/wp-content\/uploads\/2025\/08\/IMG_3922_0.jpg?resize=300%2C204&amp;ssl=1 300w, https:\/\/i0.wp.com\/www.aeroklubluhacovice.cz\/wp-content\/uploads\/2025\/08\/IMG_3922_0.jpg?resize=768%2C523&amp;ssl=1 768w, https:\/\/i0.wp.com\/www.aeroklubluhacovice.cz\/wp-content\/uploads\/2025\/08\/IMG_3922_0.jpg?resize=1536%2C1045&amp;ssl=1 1536w, https:\/\/i0.wp.com\/www.aeroklubluhacovice.cz\/wp-content\/uploads\/2025\/08\/IMG_3922_0.jpg?resize=441%2C300&amp;ssl=1 441w, https:\/\/i0.wp.com\/www.aeroklubluhacovice.cz\/wp-content\/uploads\/2025\/08\/IMG_3922_0.jpg?w=2029&amp;ssl=1 2029w, https:\/\/i0.wp.com\/www.aeroklubluhacovice.cz\/wp-content\/uploads\/2025\/08\/IMG_3922_0.jpg?w=1168 1168w, https:\/\/i0.wp.com\/www.aeroklubluhacovice.cz\/wp-content\/uploads\/2025\/08\/IMG_3922_0.jpg?w=1752 1752w\" sizes=\"(max-width: 584px) 100vw, 584px\" \/><\/figure>\n\n\n\n<figure class=\"wp-block-image size-large\"><img data-recalc-dims=\"1\" decoding=\"async\" width=\"584\" height=\"440\" data-attachment-id=\"3513\" data-permalink=\"https:\/\/www.aeroklubluhacovice.cz\/index.php\/2025\/08\/09\/bohuslav-belik-1932-2025-ja-jsem-chtel-letat-a-ne-delat-kraviny\/106020_20071006dimona02_0\/\" data-orig-file=\"https:\/\/i0.wp.com\/www.aeroklubluhacovice.cz\/wp-content\/uploads\/2025\/08\/106020_20071006Dimona02_0.jpg?fit=1020%2C768&amp;ssl=1\" data-orig-size=\"1020,768\" data-comments-opened=\"1\" data-image-meta=\"{&quot;aperture&quot;:&quot;7&quot;,&quot;credit&quot;:&quot;&quot;,&quot;camera&quot;:&quot;FinePix S5000&quot;,&quot;caption&quot;:&quot;&quot;,&quot;created_timestamp&quot;:&quot;1191672690&quot;,&quot;copyright&quot;:&quot;&quot;,&quot;focal_length&quot;:&quot;5.7&quot;,&quot;iso&quot;:&quot;160&quot;,&quot;shutter_speed&quot;:&quot;0.00105263157895&quot;,&quot;title&quot;:&quot;&quot;,&quot;orientation&quot;:&quot;0&quot;}\" data-image-title=\"106020_20071006Dimona02_0\" data-image-description=\"\" data-image-caption=\"\" data-large-file=\"https:\/\/i0.wp.com\/www.aeroklubluhacovice.cz\/wp-content\/uploads\/2025\/08\/106020_20071006Dimona02_0.jpg?fit=584%2C440&amp;ssl=1\" data-id=\"3513\" src=\"https:\/\/i0.wp.com\/www.aeroklubluhacovice.cz\/wp-content\/uploads\/2025\/08\/106020_20071006Dimona02_0.jpg?resize=584%2C440&#038;ssl=1\" alt=\"\" class=\"wp-image-3513\" srcset=\"https:\/\/i0.wp.com\/www.aeroklubluhacovice.cz\/wp-content\/uploads\/2025\/08\/106020_20071006Dimona02_0.jpg?w=1020&amp;ssl=1 1020w, https:\/\/i0.wp.com\/www.aeroklubluhacovice.cz\/wp-content\/uploads\/2025\/08\/106020_20071006Dimona02_0.jpg?resize=300%2C226&amp;ssl=1 300w, https:\/\/i0.wp.com\/www.aeroklubluhacovice.cz\/wp-content\/uploads\/2025\/08\/106020_20071006Dimona02_0.jpg?resize=768%2C578&amp;ssl=1 768w, https:\/\/i0.wp.com\/www.aeroklubluhacovice.cz\/wp-content\/uploads\/2025\/08\/106020_20071006Dimona02_0.jpg?resize=398%2C300&amp;ssl=1 398w\" sizes=\"(max-width: 584px) 100vw, 584px\" \/><\/figure>\n<\/figure>\n\n\n\n<p>Bohuslav B\u011bl\u00edk m\u011bl \u2013 jak ve sv\u00fdch 93 letech vzpom\u00edn\u00e1 \u2013 rozmanit\u00fd \u017eivot. Narodil se 18. b\u0159ezna 1932 ve Zl\u00edn\u011b. Vystudoval chemickou pr\u016fmyslovku. Byl vybr\u00e1n ke vstupu do komunistick\u00e9 strany i do kurzu pro budouc\u00ed piloty. Na vojn\u011b slou\u017eil ve st\u0159edisku letov\u00e9ho provozu. Pracoval jako instruktor l\u00e9t\u00e1n\u00ed v Otrokovic\u00edch. Po \u010dase se stal pilotem Aerotaxi v Hole\u0161ov\u011b. L\u00e9tal po republice i Evrop\u011b. Dva roky byl v Rakousku k dispozici jako pilot m\u00edstn\u00edmu podnikateli. Odm\u00edtl spolupr\u00e1ci s tajn\u00fdmi slu\u017ebami. Posledn\u00ed leteck\u00e9 roky pilotoval jako kapit\u00e1n dopravn\u00ed letadla L410. Do leteck\u00e9ho d\u016fchodu ode\u0161el ve 45 letech. Odm\u00edtl l\u00e9tat jako pilot velk\u00fdch dopravn\u00edch letadel a v\u011bnoval se rodin\u011b. Do roku 1989 pracoval v Okresn\u00edm pr\u016fmyslov\u00e9m podniku, po sametov\u00e9 revoluci pom\u00e1hal s privatizac\u00ed podniku. Cel\u00fd \u017eivot a\u017e do sv\u00e9ho \u00famrt\u00ed 22.7.2025 bydlel ve Zl\u00edn\u011b.<\/p>\n\n\n\n<p>Celou \u017eivotn\u00ed historii, post\u0159ehy i \u017eivotn\u00ed postoje se poda\u0159ilo zachytit v Pam\u011bti N\u00e1roda :\u00a0<a href=\"https:\/\/www.pametnaroda.cz\/cs\/belik-bohuslav-1932\">Bohuslav B\u011bl\u00edk (1932)<\/a><\/p>\n\n\n\n<p>N\u011bco v\u00edce o jeho l\u00e9t\u00e1n\u00ed za totality v Rakousku je\u0161t\u011b:\u00a0<a href=\"https:\/\/www.orlita.net\/l200_rakousko\/?fbclid=IwAR3iiwEUPoontQEq3WaDKTcJrm7I1fQuX9gWCKMiLL6fZyFvzMZ4-U6UhSg\">Provoz L-200 v Rakousku | Orlita.net<\/a><\/p>\n\n\n\n<p>Hlavn\u011b tu ale m\u00e1me osobn\u00ed vzpom\u00ednku Lubo\u0161e Vrby o sou\u017eit\u00ed plachta\u0159sk\u00e9ho a dopravn\u00edho provozu na leti\u0161ti v Hole\u0161ov\u011b<\/p>\n\n\n\n<p><strong>Vzpom\u00ednka na kapit\u00e1na Boba B\u011bl\u00edka p\u0159i &nbsp;na\u0161em provozu plachta\u0159\u016f<\/strong><\/p>\n\n\n\n<p>V sobotu 26.7.2025 jsem obdr\u017eel od Petra B\u011bl\u00edka parte o \u00famrt\u00ed jeho t\u00e1ty, kter\u00e9ho zn\u00e1m od sv\u00fdch leteck\u00fdch za\u010d\u00e1tk\u016f v&nbsp;Aeroklubu na leti\u0161ti Gottwaldov-Otrokovice. Ten tehdy platn\u00fd kostrbat\u00fd n\u00e1zev opisuju z&nbsp;raz\u00edtka v&nbsp;m\u00e9m z\u00e1pisn\u00edku let\u016f v&nbsp;roce 1960. Tak\u017ee, jak vid\u011bt, Zl\u00edn m\u011bl sv\u00e9 leti\u0161t\u011b skryt\u00e9 pod jm\u00e9nem Gottwaldov. A\u017e v&nbsp;roce 1962 vid\u00edm zm\u011bnu raz\u00edtka na Aeroklub Otrokovice.<\/p>\n\n\n\n<p>Pan Bohuslav B\u011bl\u00edk, kter\u00fd byl kamar\u00e1dy zv\u00e1n prost\u011b Bob, za\u010dal l\u00e9tat na C 105 n\u011bkdy v&nbsp;roce 1952 a&nbsp;pilotn\u00ed pr\u016fkaz z\u00edskal asi v&nbsp;roce 1953. Podrobn\u011bj\u0161\u00ed \u00fadaje si m\u016f\u017eete p\u0159e\u010d\u00edst v&nbsp;odkazech d\u00e1le uv\u00e1d\u011bn\u00fdch. Stal se z\u00e1hy instruktorem Dosletu, organizace p\u0159edch\u00e1zej\u00edc\u00ed Aeroklubu Svazarmu. V\u00eddali jsme se st\u00e1le a\u017e do p\u0159es\u00eddlen\u00ed aeroklubu do Hole\u0161ova v&nbsp;roce 1972 a vlastn\u011b a\u017e do dne\u0161n\u00ed doby. To u\u017e Bohuslav l\u00e9tal u&nbsp;r\u016fzn\u00fdch firem a r\u016fzn\u00e9 typy, zejm\u00e9na L200 a L410.<\/p>\n\n\n\n<p>Vzpom\u00edn\u00e1m si na rok 1976, kdy jsme spole\u010dn\u011b s&nbsp;Franti\u0161kem \u017d\u016frkem vedli element\u00e1rn\u00ed v\u00fdcvik na L 13 dru\u017estvu 14 kluk\u016f od 15 let v\u00fd\u0161e. To u\u017e bylo od roku 1963 moje x-t\u00e9 dru\u017estvo a zat\u00edm nejv\u011bt\u0161\u00ed. To p\u0159edstavovalo 2100 navij\u00e1k\u016f a 420 aerovlek\u016f ve dvoj\u00edm a pak v&nbsp;s\u00f3lu. To se nedalo po v\u00edkendech zvl\u00e1dnout, a tak na to praskla \u010d\u00e1st dovolen\u00e9 v&nbsp;nejslunn\u011bj\u0161\u00edm a nejteplej\u0161\u00edm m\u011bs\u00edci roku. D\u00edky toleranci na\u0161ich man\u017eelek (co jim zb\u00fdvalo) a taky d\u00edky \u00fasil\u00ed navij\u00e1ka\u0159e Tondy Krej\u010d\u00edho i dal\u0161\u00edch ob\u011btavc\u016f. N\u011bkte\u0159\u00ed dosud l\u00e9taj\u00edc\u00ed \u00fa\u010dastn\u00edci na tuto doslova heroickou dobu r\u00e1di vzpomenou. Bud\u00ed\u010dek za sv\u00edt\u00e1n\u00ed, prvn\u00ed start, kdy\u017e slune\u010dn\u00ed kotou\u010d vylezl za Lysinou, l\u00e9t\u00e1n\u00ed do 10 hodin a pak pauza. Tu jsme v\u011bnovali ob\u017eiv\u011b, \u00fadr\u017eb\u011b, administrativ\u011b a dosp\u00e1v\u00e1n\u00ed. Pokra\u010dov\u00e1n\u00ed provozu od&nbsp;16.00 a\u017e na doraz. Jeliko\u017e jsme m\u011bli nov\u00e1 lana a&nbsp;vytrval\u00e9ho navij\u00e1ka\u0159e, tak jsme s&nbsp;Franti\u0161kem dok\u00e1zali za den jednou ud\u011blat i 120 start\u016f. To je p\u0159i&nbsp;<br>2&#215;6 lanech za hodinu. Trochu n\u00e1m to komplikoval provoz dopravn\u00edch letadel, i kdy\u017e by to m\u011blo b\u00fdt opa\u010dn\u011b. Linka do Prahy \u0161la 4x tam a 4x zp\u011bt. P\u0159ed ka\u017ed\u00fdm p\u0159\u00edletem a odletem bylo nutn\u00e9 uzemnit m\u00edstn\u00ed provoz na 15 minut. To je ztr\u00e1ta denn\u011b 2 hodiny. No a tu linku, na dobu soust\u0159ed\u011bn\u00ed, si zablokoval tehdej\u0161\u00ed \u0161\u00e9f pilot SlovAiru kapit\u00e1n Bob i d\u00edky skute\u010dnosti, \u017ee v&nbsp;dru\u017estvu byl jeho syn Petr. Kdy\u017e n\u00e1m poprv\u00e9 dispe\u010der na v\u011b\u017ei pan Hoferek ozn\u00e1mil p\u0159i p\u0159\u00edletu L 410 polohu Vy\u0161kov a&nbsp;p\u0159eru\u0161en\u00ed provozu, tak Bohumil to odposlechl a \u0159ekl dispe\u010derovi, \u017ee mu sta\u010d\u00ed bohat\u011b dr\u00e1ha 11 po \u00farove\u0148 hang\u00e1ru a\u0165 v\u00fdcvik neru\u0161en\u011b pokra\u010duje, a tak se i stalo. L\u00e9tali jsme na dr\u00e1ze 05\/23 a doprava byla na 11\/29 dlouh\u00e9 1800 m s&nbsp;p\u0159edpol\u00edm tak 2500 a tak se st\u00e1valo, \u017ee jsem byl s&nbsp;\u017e\u00e1kem na fin\u00e1le dr\u00e1hy 23 a L 410 u\u017e odbo\u010dovala po poj\u00ed\u017ed\u011b\u010dce z&nbsp;VPD 11 ke&nbsp;stanovi\u0161ti u velk\u00e9ho hang\u00e1ru. Ostatn\u00ed pos\u00e1dky to vzaly taky za sv\u00e9 a n\u00e1m u\u0161et\u0159ili spoustu \u010dek\u00e1n\u00ed v&nbsp;horku. No ono to taky byli nebo b\u00fdvali aeroklub\u00e1ci \u010di plachta\u0159i.&nbsp;<\/p>\n\n\n\n<p>Tak to je d\u00e1vn\u00e1, le\u010d pracovn\u00ed vzpom\u00ednka na kapit\u00e1na Boba. No a pot\u00e9, co ode\u0161el do d\u016fchodu, tak se&nbsp;\u00fa\u010dastnil a\u017e t\u00e9m\u011b\u0159 do posledn\u00ed doby pravideln\u00fdch posezen\u00ed Na ro\u017eku v&nbsp;Malenovic\u00edch s&nbsp;dal\u0161\u00edmi \u201ez\u00e1lo\u017e\u00e1ky\u201c v&nbsp;d\u016fchodu, kdy mu asistoval syn Petr, kter\u00e9ho jsem po letech zase vy\u0161kolil na Dimon\u011b.<br>Petr naposledy svezl t\u00e1tu v&nbsp;Dimon\u011b v&nbsp;roce 2008, je\u0161t\u011b v&nbsp;Hole\u0161ov\u011b.<\/p>\n\n\n\n<p>Toto je vzpom\u00ednka na dobr\u00e9ho \u010dlov\u011bka a kamar\u00e1da spojen\u00e1 s&nbsp;konkr\u00e9tn\u00ed p\u0159\u00edhodou. A to se zatracen\u011b dob\u0159e pamatuje v\u0161em \u00fa\u010dastn\u00edk\u016fm.<\/p>\n\n\n\n<p>Sepsal dne 26.7.2025<\/p>\n\n\n\n<p>Lubom\u00edr Vrba senior<\/p>\n\n\n\n<p><\/p>\n\n\n\n<p><\/p>\n\n\n\n<p><\/p>\n\n\n\n<p><\/p>\n\n\n\n<p><\/p>\n","protected":false},"excerpt":{"rendered":"<p>V \u010dervenci svoji dlouhou a taky i n\u011bkdej\u0161\u00ed\u00a0 leteckou pou\u0165 ukon\u010dil\u00a0 jeden z prvn\u00edch aeroklub\u00e1k\u016f je\u0161t\u011b v\u00a0 otrokovick\u00e9m aeroklubu pan Bohuslav B\u011bl\u00edk. P\u0159ev\u00e1\u017en\u00e1 v\u011bt\u0161ina sou\u010dasn\u00fdch \u010dlen\u016f na\u0161eho aeroklubu kapit\u00e1na B\u011bl\u00edka ji\u017e nepoznala, ale i pro n\u011b je tato informace\u00a0 o &hellip; <a href=\"https:\/\/www.aeroklubluhacovice.cz\/index.php\/2025\/08\/09\/bohuslav-belik-1932-2025-ja-jsem-chtel-letat-a-ne-delat-kraviny\/\">Cel\u00fd p\u0159\u00edsp\u011bvek <span class=\"meta-nav\">&rarr;<\/span><\/a><\/p>\n","protected":false},"author":1,"featured_media":0,"comment_status":"open","ping_status":"open","sticky":false,"template":"","format":"standard","meta":{"jetpack_post_was_ever_published":false,"_jetpack_newsletter_access":"","_jetpack_dont_email_post_to_subs":false,"_jetpack_newsletter_tier_id":0,"_jetpack_memberships_contains_paywalled_content":false,"_jetpack_memberships_contains_paid_content":false,"footnotes":"","jetpack_publicize_message":"","jetpack_publicize_feature_enabled":true,"jetpack_social_post_already_shared":true,"jetpack_social_options":{"image_generator_settings":{"template":"highway","default_image_id":0,"font":"","enabled":false},"version":2}},"categories":[6],"tags":[],"class_list":["post-3506","post","type-post","status-publish","format-standard","hentry","category-historie"],"jetpack_publicize_connections":[],"jetpack_featured_media_url":"","jetpack_sharing_enabled":true,"jetpack_shortlink":"https:\/\/wp.me\/p9Nr4W-Uy","jetpack_likes_enabled":true,"jetpack-related-posts":[],"_links":{"self":[{"href":"https:\/\/www.aeroklubluhacovice.cz\/index.php\/wp-json\/wp\/v2\/posts\/3506","targetHints":{"allow":["GET"]}}],"collection":[{"href":"https:\/\/www.aeroklubluhacovice.cz\/index.php\/wp-json\/wp\/v2\/posts"}],"about":[{"href":"https:\/\/www.aeroklubluhacovice.cz\/index.php\/wp-json\/wp\/v2\/types\/post"}],"author":[{"embeddable":true,"href":"https:\/\/www.aeroklubluhacovice.cz\/index.php\/wp-json\/wp\/v2\/users\/1"}],"replies":[{"embeddable":true,"href":"https:\/\/www.aeroklubluhacovice.cz\/index.php\/wp-json\/wp\/v2\/comments?post=3506"}],"version-history":[{"count":2,"href":"https:\/\/www.aeroklubluhacovice.cz\/index.php\/wp-json\/wp\/v2\/posts\/3506\/revisions"}],"predecessor-version":[{"id":3514,"href":"https:\/\/www.aeroklubluhacovice.cz\/index.php\/wp-json\/wp\/v2\/posts\/3506\/revisions\/3514"}],"wp:attachment":[{"href":"https:\/\/www.aeroklubluhacovice.cz\/index.php\/wp-json\/wp\/v2\/media?parent=3506"}],"wp:term":[{"taxonomy":"category","embeddable":true,"href":"https:\/\/www.aeroklubluhacovice.cz\/index.php\/wp-json\/wp\/v2\/categories?post=3506"},{"taxonomy":"post_tag","embeddable":true,"href":"https:\/\/www.aeroklubluhacovice.cz\/index.php\/wp-json\/wp\/v2\/tags?post=3506"}],"curies":[{"name":"wp","href":"https:\/\/api.w.org\/{rel}","templated":true}]}}